{"id":597,"date":"2016-08-05T00:26:01","date_gmt":"2016-08-05T00:26:01","guid":{"rendered":"http:\/\/ferentari.dela0.ro\/?p=597"},"modified":"2016-12-02T08:21:09","modified_gmt":"2016-12-02T08:21:09","slug":"o-zi-din-viata-lui-oarca","status":"publish","type":"post","link":"https:\/\/ferentari.dela0.ro\/index.php\/2016\/08\/05\/o-zi-din-viata-lui-oarca\/","title":{"rendered":"O zi din via\u021ba lui Oarc\u0103"},"content":{"rendered":"<p style=\"text-align: center;\"><span style=\"text-decoration: underline;\"><em>un fotoreportaj de Zora Iuga (imagine) \u0219i Diana Oncioiu (text)<\/em><\/span><\/p>\n<div data-carousel-extra='{\"blog_id\":1,\"permalink\":\"https:\\\/\\\/ferentari.dela0.ro\\\/index.php\\\/2016\\\/08\\\/05\\\/o-zi-din-viata-lui-oarca\\\/\",\"likes_blog_id\":115470005}' id='gallery-1' class='gallery galleryid-597 gallery-columns-4 gallery-size-square500'><figure class='gallery-item'>\n\t\t\t<div class='gallery-icon landscape'>\n\t\t\t\t<a href='https:\/\/ferentari.dela0.ro\/img_0496\/'><img loading=\"lazy\" decoding=\"async\" width=\"500\" height=\"500\" src=\"https:\/\/i0.wp.com\/ferentari.dela0.ro\/wp-content\/uploads\/2016\/08\/wsi-imageoptim-IMG_0496.jpg?resize=500%2C500&amp;ssl=1\" class=\"attachment-square500 size-square500\" alt=\"\" aria-describedby=\"gallery-1-579\" srcset=\"https:\/\/i0.wp.com\/ferentari.dela0.ro\/wp-content\/uploads\/2016\/08\/wsi-imageoptim-IMG_0496.jpg?resize=150%2C150&amp;ssl=1 150w, https:\/\/i0.wp.com\/ferentari.dela0.ro\/wp-content\/uploads\/2016\/08\/wsi-imageoptim-IMG_0496.jpg?resize=500%2C500&amp;ssl=1 500w, https:\/\/i0.wp.com\/ferentari.dela0.ro\/wp-content\/uploads\/2016\/08\/wsi-imageoptim-IMG_0496.jpg?resize=32%2C32&amp;ssl=1 32w, https:\/\/i0.wp.com\/ferentari.dela0.ro\/wp-content\/uploads\/2016\/08\/wsi-imageoptim-IMG_0496.jpg?resize=50%2C50&amp;ssl=1 50w, https:\/\/i0.wp.com\/ferentari.dela0.ro\/wp-content\/uploads\/2016\/08\/wsi-imageoptim-IMG_0496.jpg?resize=64%2C64&amp;ssl=1 64w, https:\/\/i0.wp.com\/ferentari.dela0.ro\/wp-content\/uploads\/2016\/08\/wsi-imageoptim-IMG_0496.jpg?resize=96%2C96&amp;ssl=1 96w, https:\/\/i0.wp.com\/ferentari.dela0.ro\/wp-content\/uploads\/2016\/08\/wsi-imageoptim-IMG_0496.jpg?resize=128%2C128&amp;ssl=1 128w, https:\/\/i0.wp.com\/ferentari.dela0.ro\/wp-content\/uploads\/2016\/08\/wsi-imageoptim-IMG_0496.jpg?resize=200%2C200&amp;ssl=1 200w, https:\/\/i0.wp.com\/ferentari.dela0.ro\/wp-content\/uploads\/2016\/08\/wsi-imageoptim-IMG_0496.jpg?resize=300%2C300&amp;ssl=1 300w, https:\/\/i0.wp.com\/ferentari.dela0.ro\/wp-content\/uploads\/2016\/08\/wsi-imageoptim-IMG_0496.jpg?zoom=2&amp;resize=500%2C500 1000w, https:\/\/i0.wp.com\/ferentari.dela0.ro\/wp-content\/uploads\/2016\/08\/wsi-imageoptim-IMG_0496.jpg?zoom=3&amp;resize=500%2C500 1500w\" sizes=\"auto, (max-width: 500px) 100vw, 500px\" data-attachment-id=\"579\" data-orig-file=\"https:\/\/i0.wp.com\/ferentari.dela0.ro\/wp-content\/uploads\/2016\/08\/wsi-imageoptim-IMG_0496.jpg?fit=2200%2C1467&amp;ssl=1\" data-orig-size=\"2200,1467\" data-comments-opened=\"1\" data-image-meta=\"{&quot;aperture&quot;:&quot;0&quot;,&quot;credit&quot;:&quot;&quot;,&quot;camera&quot;:&quot;&quot;,&quot;caption&quot;:&quot;&quot;,&quot;created_timestamp&quot;:&quot;0&quot;,&quot;copyright&quot;:&quot;&quot;,&quot;focal_length&quot;:&quot;0&quot;,&quot;iso&quot;:&quot;0&quot;,&quot;shutter_speed&quot;:&quot;0&quot;,&quot;title&quot;:&quot;&quot;,&quot;orientation&quot;:&quot;0&quot;,&quot;keywords&quot;:&quot;Array&quot;}\" data-image-title=\"La bar\u0103ci\" data-image-description=\"&lt;p&gt;Pe Iacob Andrei, \u00een spatele blocurilor de garsoniere sunt bar\u0103cile, cutiile \u2013 locuin\u021b\u0103, o \u00eenl\u0103n\u021buire de spa\u021bii improvizate. Peste drum de ele e gunoiul, mult gunoi. Un c\u00e2ine pric\u0103jit latr\u0103 de dup\u0103 un gard improvizat. Dup\u0103 gard oamenii au adunat scaune, fotolii, c\u00e2te un pat, o mas\u0103, cutii \u0219i saci \u00een dev\u0103lm\u0103\u0219ie. Deasupra tuturor vegheaz\u0103 o icoan\u0103. \u00cen \u201ccurte\u201d sunt copii, fete, femei. B\u0103rba\u021bii sunt \u201cpe teren\u201d, cel pu\u021bin o parte dintre ei. \u201cPe teren\u201d \u00eenseamn\u0103 la adunat fier, sticle de plastic. \u201cPe teren\u201d este \u0219i Oarc\u0103.&lt;\/p&gt;\n\" data-medium-file=\"https:\/\/i0.wp.com\/ferentari.dela0.ro\/wp-content\/uploads\/2016\/08\/wsi-imageoptim-IMG_0496.jpg?fit=300%2C200&amp;ssl=1\" data-large-file=\"https:\/\/i0.wp.com\/ferentari.dela0.ro\/wp-content\/uploads\/2016\/08\/wsi-imageoptim-IMG_0496.jpg?fit=960%2C640&amp;ssl=1\" \/><\/a>\n\t\t\t<\/div>\n\t\t\t\t<figcaption class='wp-caption-text gallery-caption' id='gallery-1-579'>\n\t\t\t\tLa bar\u0103ci\n\t\t\t\t<\/figcaption><\/figure><figure class='gallery-item'>\n\t\t\t<div class='gallery-icon landscape'>\n\t\t\t\t<a href='https:\/\/ferentari.dela0.ro\/img_0547\/'><img loading=\"lazy\" decoding=\"async\" width=\"500\" height=\"500\" src=\"https:\/\/i0.wp.com\/ferentari.dela0.ro\/wp-content\/uploads\/2016\/08\/wsi-imageoptim-IMG_0547.jpg?resize=500%2C500&amp;ssl=1\" class=\"attachment-square500 size-square500\" alt=\"\" aria-describedby=\"gallery-1-587\" srcset=\"https:\/\/i0.wp.com\/ferentari.dela0.ro\/wp-content\/uploads\/2016\/08\/wsi-imageoptim-IMG_0547.jpg?resize=150%2C150&amp;ssl=1 150w, https:\/\/i0.wp.com\/ferentari.dela0.ro\/wp-content\/uploads\/2016\/08\/wsi-imageoptim-IMG_0547.jpg?resize=500%2C500&amp;ssl=1 500w, https:\/\/i0.wp.com\/ferentari.dela0.ro\/wp-content\/uploads\/2016\/08\/wsi-imageoptim-IMG_0547.jpg?resize=32%2C32&amp;ssl=1 32w, https:\/\/i0.wp.com\/ferentari.dela0.ro\/wp-content\/uploads\/2016\/08\/wsi-imageoptim-IMG_0547.jpg?resize=50%2C50&amp;ssl=1 50w, https:\/\/i0.wp.com\/ferentari.dela0.ro\/wp-content\/uploads\/2016\/08\/wsi-imageoptim-IMG_0547.jpg?resize=64%2C64&amp;ssl=1 64w, https:\/\/i0.wp.com\/ferentari.dela0.ro\/wp-content\/uploads\/2016\/08\/wsi-imageoptim-IMG_0547.jpg?resize=96%2C96&amp;ssl=1 96w, https:\/\/i0.wp.com\/ferentari.dela0.ro\/wp-content\/uploads\/2016\/08\/wsi-imageoptim-IMG_0547.jpg?resize=128%2C128&amp;ssl=1 128w, https:\/\/i0.wp.com\/ferentari.dela0.ro\/wp-content\/uploads\/2016\/08\/wsi-imageoptim-IMG_0547.jpg?resize=200%2C200&amp;ssl=1 200w, https:\/\/i0.wp.com\/ferentari.dela0.ro\/wp-content\/uploads\/2016\/08\/wsi-imageoptim-IMG_0547.jpg?resize=300%2C300&amp;ssl=1 300w, https:\/\/i0.wp.com\/ferentari.dela0.ro\/wp-content\/uploads\/2016\/08\/wsi-imageoptim-IMG_0547.jpg?zoom=2&amp;resize=500%2C500 1000w, https:\/\/i0.wp.com\/ferentari.dela0.ro\/wp-content\/uploads\/2016\/08\/wsi-imageoptim-IMG_0547.jpg?zoom=3&amp;resize=500%2C500 1500w\" sizes=\"auto, (max-width: 500px) 100vw, 500px\" data-attachment-id=\"587\" data-orig-file=\"https:\/\/i0.wp.com\/ferentari.dela0.ro\/wp-content\/uploads\/2016\/08\/wsi-imageoptim-IMG_0547.jpg?fit=2200%2C1467&amp;ssl=1\" data-orig-size=\"2200,1467\" data-comments-opened=\"1\" data-image-meta=\"{&quot;aperture&quot;:&quot;0&quot;,&quot;credit&quot;:&quot;&quot;,&quot;camera&quot;:&quot;&quot;,&quot;caption&quot;:&quot;&quot;,&quot;created_timestamp&quot;:&quot;0&quot;,&quot;copyright&quot;:&quot;&quot;,&quot;focal_length&quot;:&quot;0&quot;,&quot;iso&quot;:&quot;0&quot;,&quot;shutter_speed&quot;:&quot;0&quot;,&quot;title&quot;:&quot;&quot;,&quot;orientation&quot;:&quot;0&quot;,&quot;keywords&quot;:&quot;Array&quot;}\" data-image-title=\"Introducere \u00een via\u021ba lui Oarc\u0103\" data-image-description=\"&lt;p&gt;\u201cM-am n\u0103scut \u00een R\u00e2mnicu V\u00e2lcea, dar nici nu \u0219tiu cum arat\u0103 ora\u0219ul. Ne-am mutat la Bucure\u0219ti c\u00e2nd aveam 2 ani. Am copil\u0103rit pe la Progresului. Cu so\u021bia am stat pe strada Co\u0219tila, la bloc, la parter. Am lucrat la forj\u0103 timp de 27 de ani. De 5-6 ani str\u00e2ng PET-uri. Am \u201ccas\u0103\u201d de beton. Iarna e at\u00e2t de cald c\u0103 dorm \u00een chilo\u021bi, pardon de expresie. Nu am nicio zi de internare \u00een spital.\u201d&lt;\/p&gt;\n\" data-medium-file=\"https:\/\/i0.wp.com\/ferentari.dela0.ro\/wp-content\/uploads\/2016\/08\/wsi-imageoptim-IMG_0547.jpg?fit=300%2C200&amp;ssl=1\" data-large-file=\"https:\/\/i0.wp.com\/ferentari.dela0.ro\/wp-content\/uploads\/2016\/08\/wsi-imageoptim-IMG_0547.jpg?fit=960%2C640&amp;ssl=1\" \/><\/a>\n\t\t\t<\/div>\n\t\t\t\t<figcaption class='wp-caption-text gallery-caption' id='gallery-1-587'>\n\t\t\t\tIntroducere \u00een via\u021ba lui Oarc\u0103\n\t\t\t\t<\/figcaption><\/figure><figure class='gallery-item'>\n\t\t\t<div class='gallery-icon landscape'>\n\t\t\t\t<a href='https:\/\/ferentari.dela0.ro\/img_0494\/'><img loading=\"lazy\" decoding=\"async\" width=\"500\" height=\"500\" src=\"https:\/\/i0.wp.com\/ferentari.dela0.ro\/wp-content\/uploads\/2016\/08\/wsi-imageoptim-IMG_0494.jpg?resize=500%2C500&amp;ssl=1\" class=\"attachment-square500 size-square500\" alt=\"\" aria-describedby=\"gallery-1-578\" srcset=\"https:\/\/i0.wp.com\/ferentari.dela0.ro\/wp-content\/uploads\/2016\/08\/wsi-imageoptim-IMG_0494.jpg?resize=150%2C150&amp;ssl=1 150w, https:\/\/i0.wp.com\/ferentari.dela0.ro\/wp-content\/uploads\/2016\/08\/wsi-imageoptim-IMG_0494.jpg?resize=500%2C500&amp;ssl=1 500w, https:\/\/i0.wp.com\/ferentari.dela0.ro\/wp-content\/uploads\/2016\/08\/wsi-imageoptim-IMG_0494.jpg?resize=32%2C32&amp;ssl=1 32w, https:\/\/i0.wp.com\/ferentari.dela0.ro\/wp-content\/uploads\/2016\/08\/wsi-imageoptim-IMG_0494.jpg?resize=50%2C50&amp;ssl=1 50w, https:\/\/i0.wp.com\/ferentari.dela0.ro\/wp-content\/uploads\/2016\/08\/wsi-imageoptim-IMG_0494.jpg?resize=64%2C64&amp;ssl=1 64w, https:\/\/i0.wp.com\/ferentari.dela0.ro\/wp-content\/uploads\/2016\/08\/wsi-imageoptim-IMG_0494.jpg?resize=96%2C96&amp;ssl=1 96w, https:\/\/i0.wp.com\/ferentari.dela0.ro\/wp-content\/uploads\/2016\/08\/wsi-imageoptim-IMG_0494.jpg?resize=128%2C128&amp;ssl=1 128w, https:\/\/i0.wp.com\/ferentari.dela0.ro\/wp-content\/uploads\/2016\/08\/wsi-imageoptim-IMG_0494.jpg?resize=200%2C200&amp;ssl=1 200w, https:\/\/i0.wp.com\/ferentari.dela0.ro\/wp-content\/uploads\/2016\/08\/wsi-imageoptim-IMG_0494.jpg?resize=300%2C300&amp;ssl=1 300w, https:\/\/i0.wp.com\/ferentari.dela0.ro\/wp-content\/uploads\/2016\/08\/wsi-imageoptim-IMG_0494.jpg?zoom=2&amp;resize=500%2C500 1000w, https:\/\/i0.wp.com\/ferentari.dela0.ro\/wp-content\/uploads\/2016\/08\/wsi-imageoptim-IMG_0494.jpg?zoom=3&amp;resize=500%2C500 1500w\" sizes=\"auto, (max-width: 500px) 100vw, 500px\" data-attachment-id=\"578\" data-orig-file=\"https:\/\/i0.wp.com\/ferentari.dela0.ro\/wp-content\/uploads\/2016\/08\/wsi-imageoptim-IMG_0494.jpg?fit=2200%2C1467&amp;ssl=1\" data-orig-size=\"2200,1467\" data-comments-opened=\"1\" data-image-meta=\"{&quot;aperture&quot;:&quot;0&quot;,&quot;credit&quot;:&quot;&quot;,&quot;camera&quot;:&quot;&quot;,&quot;caption&quot;:&quot;&quot;,&quot;created_timestamp&quot;:&quot;0&quot;,&quot;copyright&quot;:&quot;&quot;,&quot;focal_length&quot;:&quot;0&quot;,&quot;iso&quot;:&quot;0&quot;,&quot;shutter_speed&quot;:&quot;0&quot;,&quot;title&quot;:&quot;&quot;,&quot;orientation&quot;:&quot;0&quot;,&quot;keywords&quot;:&quot;Array&quot;}\" data-image-title=\"Pre\u021bul corect\" data-image-description=\"&lt;p&gt;Oarc\u0103, cum \u00eei spun copiii \u0219i vecinii, are 61 de ani. Locuie\u0219te la bar\u0103ci de mai bine de 10 ani. Supravie\u021buie\u0219te duc\u00e2nd sticle de plastic la centrele de colectare din Ferentari. Le valorific\u0103 la kilogram, \u00een schimbul c\u00e2torva zeci de bani. Pentru Oarc\u0103 un pachet de \u021big\u0103ri nu cost\u0103 15 lei. Valorea lui se m\u0103soar\u0103 \u00een altceva: 20 de kilograme de PET-uri.&lt;\/p&gt;\n\" data-medium-file=\"https:\/\/i0.wp.com\/ferentari.dela0.ro\/wp-content\/uploads\/2016\/08\/wsi-imageoptim-IMG_0494.jpg?fit=300%2C200&amp;ssl=1\" data-large-file=\"https:\/\/i0.wp.com\/ferentari.dela0.ro\/wp-content\/uploads\/2016\/08\/wsi-imageoptim-IMG_0494.jpg?fit=960%2C640&amp;ssl=1\" \/><\/a>\n\t\t\t<\/div>\n\t\t\t\t<figcaption class='wp-caption-text gallery-caption' id='gallery-1-578'>\n\t\t\t\tPre\u021bul corect\n\t\t\t\t<\/figcaption><\/figure><figure class='gallery-item'>\n\t\t\t<div class='gallery-icon landscape'>\n\t\t\t\t<a href='https:\/\/ferentari.dela0.ro\/img_0609\/'><img loading=\"lazy\" decoding=\"async\" width=\"500\" height=\"500\" src=\"https:\/\/i0.wp.com\/ferentari.dela0.ro\/wp-content\/uploads\/2016\/08\/wsi-imageoptim-IMG_0609.jpg?resize=500%2C500&amp;ssl=1\" class=\"attachment-square500 size-square500\" alt=\"\" aria-describedby=\"gallery-1-595\" srcset=\"https:\/\/i0.wp.com\/ferentari.dela0.ro\/wp-content\/uploads\/2016\/08\/wsi-imageoptim-IMG_0609.jpg?resize=150%2C150&amp;ssl=1 150w, https:\/\/i0.wp.com\/ferentari.dela0.ro\/wp-content\/uploads\/2016\/08\/wsi-imageoptim-IMG_0609.jpg?resize=500%2C500&amp;ssl=1 500w, https:\/\/i0.wp.com\/ferentari.dela0.ro\/wp-content\/uploads\/2016\/08\/wsi-imageoptim-IMG_0609.jpg?resize=32%2C32&amp;ssl=1 32w, https:\/\/i0.wp.com\/ferentari.dela0.ro\/wp-content\/uploads\/2016\/08\/wsi-imageoptim-IMG_0609.jpg?resize=50%2C50&amp;ssl=1 50w, https:\/\/i0.wp.com\/ferentari.dela0.ro\/wp-content\/uploads\/2016\/08\/wsi-imageoptim-IMG_0609.jpg?resize=64%2C64&amp;ssl=1 64w, https:\/\/i0.wp.com\/ferentari.dela0.ro\/wp-content\/uploads\/2016\/08\/wsi-imageoptim-IMG_0609.jpg?resize=96%2C96&amp;ssl=1 96w, https:\/\/i0.wp.com\/ferentari.dela0.ro\/wp-content\/uploads\/2016\/08\/wsi-imageoptim-IMG_0609.jpg?resize=128%2C128&amp;ssl=1 128w, https:\/\/i0.wp.com\/ferentari.dela0.ro\/wp-content\/uploads\/2016\/08\/wsi-imageoptim-IMG_0609.jpg?resize=200%2C200&amp;ssl=1 200w, https:\/\/i0.wp.com\/ferentari.dela0.ro\/wp-content\/uploads\/2016\/08\/wsi-imageoptim-IMG_0609.jpg?resize=300%2C300&amp;ssl=1 300w, https:\/\/i0.wp.com\/ferentari.dela0.ro\/wp-content\/uploads\/2016\/08\/wsi-imageoptim-IMG_0609.jpg?zoom=2&amp;resize=500%2C500 1000w, https:\/\/i0.wp.com\/ferentari.dela0.ro\/wp-content\/uploads\/2016\/08\/wsi-imageoptim-IMG_0609.jpg?zoom=3&amp;resize=500%2C500 1500w\" sizes=\"auto, (max-width: 500px) 100vw, 500px\" data-attachment-id=\"595\" data-orig-file=\"https:\/\/i0.wp.com\/ferentari.dela0.ro\/wp-content\/uploads\/2016\/08\/wsi-imageoptim-IMG_0609.jpg?fit=2200%2C1467&amp;ssl=1\" data-orig-size=\"2200,1467\" data-comments-opened=\"1\" data-image-meta=\"{&quot;aperture&quot;:&quot;0&quot;,&quot;credit&quot;:&quot;&quot;,&quot;camera&quot;:&quot;&quot;,&quot;caption&quot;:&quot;&quot;,&quot;created_timestamp&quot;:&quot;0&quot;,&quot;copyright&quot;:&quot;&quot;,&quot;focal_length&quot;:&quot;0&quot;,&quot;iso&quot;:&quot;0&quot;,&quot;shutter_speed&quot;:&quot;0&quot;,&quot;title&quot;:&quot;&quot;,&quot;orientation&quot;:&quot;0&quot;,&quot;keywords&quot;:&quot;Array&quot;}\" data-image-title=\"Sub cerul liber\" data-image-description=\"&lt;p&gt;Jum\u0103tatea st\u00e2ng\u0103 de la bar\u0103ci e ocupat\u0103 de Felicia cu o parte dintre copiii \u0219i nepo\u021bii ei, jum\u0103tatea dreapt\u0103 e locuit\u0103 de mama Feliciei, Mica cu o parte dintre copiii \u0219i nepo\u021bii ei. Oarc\u0103 locuie\u0219te vara \u00een jum\u0103tatea mamei Felicia, cum \u00eei spune el. Doarme sub cerul liber pe un pat format dintr-o canapea \u0219i un fotoliu. La mama Felicia e \u201cre\u0219edin\u021ba de var\u0103\u201d.&lt;\/p&gt;\n\" data-medium-file=\"https:\/\/i0.wp.com\/ferentari.dela0.ro\/wp-content\/uploads\/2016\/08\/wsi-imageoptim-IMG_0609.jpg?fit=300%2C200&amp;ssl=1\" data-large-file=\"https:\/\/i0.wp.com\/ferentari.dela0.ro\/wp-content\/uploads\/2016\/08\/wsi-imageoptim-IMG_0609.jpg?fit=960%2C640&amp;ssl=1\" \/><\/a>\n\t\t\t<\/div>\n\t\t\t\t<figcaption class='wp-caption-text gallery-caption' id='gallery-1-595'>\n\t\t\t\tSub cerul liber\n\t\t\t\t<\/figcaption><\/figure><figure class='gallery-item'>\n\t\t\t<div class='gallery-icon landscape'>\n\t\t\t\t<a href='https:\/\/ferentari.dela0.ro\/img_0501\/'><img loading=\"lazy\" decoding=\"async\" width=\"500\" height=\"500\" src=\"https:\/\/i0.wp.com\/ferentari.dela0.ro\/wp-content\/uploads\/2016\/08\/wsi-imageoptim-IMG_0501.jpg?resize=500%2C500&amp;ssl=1\" class=\"attachment-square500 size-square500\" alt=\"\" aria-describedby=\"gallery-1-581\" srcset=\"https:\/\/i0.wp.com\/ferentari.dela0.ro\/wp-content\/uploads\/2016\/08\/wsi-imageoptim-IMG_0501.jpg?w=2200&amp;ssl=1 2200w, https:\/\/i0.wp.com\/ferentari.dela0.ro\/wp-content\/uploads\/2016\/08\/wsi-imageoptim-IMG_0501.jpg?resize=150%2C150&amp;ssl=1 150w, https:\/\/i0.wp.com\/ferentari.dela0.ro\/wp-content\/uploads\/2016\/08\/wsi-imageoptim-IMG_0501.jpg?resize=300%2C300&amp;ssl=1 300w, https:\/\/i0.wp.com\/ferentari.dela0.ro\/wp-content\/uploads\/2016\/08\/wsi-imageoptim-IMG_0501.jpg?resize=1024%2C1024&amp;ssl=1 1024w, https:\/\/i0.wp.com\/ferentari.dela0.ro\/wp-content\/uploads\/2016\/08\/wsi-imageoptim-IMG_0501.jpg?resize=500%2C500&amp;ssl=1 500w, https:\/\/i0.wp.com\/ferentari.dela0.ro\/wp-content\/uploads\/2016\/08\/wsi-imageoptim-IMG_0501.jpg?resize=200%2C200&amp;ssl=1 200w, https:\/\/i0.wp.com\/ferentari.dela0.ro\/wp-content\/uploads\/2016\/08\/wsi-imageoptim-IMG_0501.jpg?resize=32%2C32&amp;ssl=1 32w, https:\/\/i0.wp.com\/ferentari.dela0.ro\/wp-content\/uploads\/2016\/08\/wsi-imageoptim-IMG_0501.jpg?resize=50%2C50&amp;ssl=1 50w, https:\/\/i0.wp.com\/ferentari.dela0.ro\/wp-content\/uploads\/2016\/08\/wsi-imageoptim-IMG_0501.jpg?resize=64%2C64&amp;ssl=1 64w, https:\/\/i0.wp.com\/ferentari.dela0.ro\/wp-content\/uploads\/2016\/08\/wsi-imageoptim-IMG_0501.jpg?resize=96%2C96&amp;ssl=1 96w, https:\/\/i0.wp.com\/ferentari.dela0.ro\/wp-content\/uploads\/2016\/08\/wsi-imageoptim-IMG_0501.jpg?resize=128%2C128&amp;ssl=1 128w, https:\/\/i0.wp.com\/ferentari.dela0.ro\/wp-content\/uploads\/2016\/08\/wsi-imageoptim-IMG_0501.jpg?resize=1250%2C1250&amp;ssl=1 1250w, https:\/\/i0.wp.com\/ferentari.dela0.ro\/wp-content\/uploads\/2016\/08\/wsi-imageoptim-IMG_0501.jpg?resize=400%2C400&amp;ssl=1 400w, https:\/\/i0.wp.com\/ferentari.dela0.ro\/wp-content\/uploads\/2016\/08\/wsi-imageoptim-IMG_0501.jpg?w=1920 1920w\" sizes=\"auto, (max-width: 500px) 100vw, 500px\" data-attachment-id=\"581\" data-orig-file=\"https:\/\/i0.wp.com\/ferentari.dela0.ro\/wp-content\/uploads\/2016\/08\/wsi-imageoptim-IMG_0501.jpg?fit=2200%2C2200&amp;ssl=1\" data-orig-size=\"2200,2200\" data-comments-opened=\"1\" data-image-meta=\"{&quot;aperture&quot;:&quot;0&quot;,&quot;credit&quot;:&quot;&quot;,&quot;camera&quot;:&quot;&quot;,&quot;caption&quot;:&quot;&quot;,&quot;created_timestamp&quot;:&quot;0&quot;,&quot;copyright&quot;:&quot;&quot;,&quot;focal_length&quot;:&quot;0&quot;,&quot;iso&quot;:&quot;0&quot;,&quot;shutter_speed&quot;:&quot;0&quot;,&quot;title&quot;:&quot;&quot;,&quot;orientation&quot;:&quot;0&quot;,&quot;keywords&quot;:&quot;Array&quot;}\" data-image-title=\"Zidurile de acas\u0103\" data-image-description=\"&lt;p&gt;C\u00e2nd e frig Oarc\u0103 se mut\u0103 peste drum, la casa lui de beton. Casa \u00eenseamn\u0103 de fapt o masc\u0103 care protejeaz\u0103 conductele de ap\u0103. Spa\u021biul \u00eel \u00eemparte cu Doru, colegul de 47 de ani. \u00cen casa de beton nu e loc dec\u00e2t de dormit. Pentru m\u00e2ncat \u0219i uitat la televizor Oarc\u0103 \u0219i Doru traverseaz\u0103 strada la mama Felicia. Ea are grij\u0103 de ei.&lt;\/p&gt;\n\" data-medium-file=\"https:\/\/i0.wp.com\/ferentari.dela0.ro\/wp-content\/uploads\/2016\/08\/wsi-imageoptim-IMG_0501.jpg?fit=300%2C300&amp;ssl=1\" data-large-file=\"https:\/\/i0.wp.com\/ferentari.dela0.ro\/wp-content\/uploads\/2016\/08\/wsi-imageoptim-IMG_0501.jpg?fit=960%2C960&amp;ssl=1\" \/><\/a>\n\t\t\t<\/div>\n\t\t\t\t<figcaption class='wp-caption-text gallery-caption' id='gallery-1-581'>\n\t\t\t\tZidurile de acas\u0103\n\t\t\t\t<\/figcaption><\/figure><figure class='gallery-item'>\n\t\t\t<div class='gallery-icon landscape'>\n\t\t\t\t<a href='https:\/\/ferentari.dela0.ro\/img_0505\/'><img loading=\"lazy\" decoding=\"async\" width=\"500\" height=\"500\" src=\"https:\/\/i0.wp.com\/ferentari.dela0.ro\/wp-content\/uploads\/2016\/08\/wsi-imageoptim-IMG_0505.jpg?resize=500%2C500&amp;ssl=1\" class=\"attachment-square500 size-square500\" alt=\"\" aria-describedby=\"gallery-1-582\" srcset=\"https:\/\/i0.wp.com\/ferentari.dela0.ro\/wp-content\/uploads\/2016\/08\/wsi-imageoptim-IMG_0505.jpg?resize=150%2C150&amp;ssl=1 150w, https:\/\/i0.wp.com\/ferentari.dela0.ro\/wp-content\/uploads\/2016\/08\/wsi-imageoptim-IMG_0505.jpg?resize=500%2C500&amp;ssl=1 500w, https:\/\/i0.wp.com\/ferentari.dela0.ro\/wp-content\/uploads\/2016\/08\/wsi-imageoptim-IMG_0505.jpg?resize=32%2C32&amp;ssl=1 32w, https:\/\/i0.wp.com\/ferentari.dela0.ro\/wp-content\/uploads\/2016\/08\/wsi-imageoptim-IMG_0505.jpg?resize=50%2C50&amp;ssl=1 50w, https:\/\/i0.wp.com\/ferentari.dela0.ro\/wp-content\/uploads\/2016\/08\/wsi-imageoptim-IMG_0505.jpg?resize=64%2C64&amp;ssl=1 64w, https:\/\/i0.wp.com\/ferentari.dela0.ro\/wp-content\/uploads\/2016\/08\/wsi-imageoptim-IMG_0505.jpg?resize=96%2C96&amp;ssl=1 96w, https:\/\/i0.wp.com\/ferentari.dela0.ro\/wp-content\/uploads\/2016\/08\/wsi-imageoptim-IMG_0505.jpg?resize=128%2C128&amp;ssl=1 128w, https:\/\/i0.wp.com\/ferentari.dela0.ro\/wp-content\/uploads\/2016\/08\/wsi-imageoptim-IMG_0505.jpg?resize=200%2C200&amp;ssl=1 200w, https:\/\/i0.wp.com\/ferentari.dela0.ro\/wp-content\/uploads\/2016\/08\/wsi-imageoptim-IMG_0505.jpg?resize=300%2C300&amp;ssl=1 300w, https:\/\/i0.wp.com\/ferentari.dela0.ro\/wp-content\/uploads\/2016\/08\/wsi-imageoptim-IMG_0505.jpg?zoom=2&amp;resize=500%2C500 1000w, https:\/\/i0.wp.com\/ferentari.dela0.ro\/wp-content\/uploads\/2016\/08\/wsi-imageoptim-IMG_0505.jpg?zoom=3&amp;resize=500%2C500 1500w\" sizes=\"auto, (max-width: 500px) 100vw, 500px\" data-attachment-id=\"582\" data-orig-file=\"https:\/\/i0.wp.com\/ferentari.dela0.ro\/wp-content\/uploads\/2016\/08\/wsi-imageoptim-IMG_0505.jpg?fit=2200%2C1467&amp;ssl=1\" data-orig-size=\"2200,1467\" data-comments-opened=\"1\" data-image-meta=\"{&quot;aperture&quot;:&quot;0&quot;,&quot;credit&quot;:&quot;&quot;,&quot;camera&quot;:&quot;&quot;,&quot;caption&quot;:&quot;&quot;,&quot;created_timestamp&quot;:&quot;0&quot;,&quot;copyright&quot;:&quot;&quot;,&quot;focal_length&quot;:&quot;0&quot;,&quot;iso&quot;:&quot;0&quot;,&quot;shutter_speed&quot;:&quot;0&quot;,&quot;title&quot;:&quot;&quot;,&quot;orientation&quot;:&quot;0&quot;,&quot;keywords&quot;:&quot;Array&quot;}\" data-image-title=\"Turbinca neagr\u0103\" data-image-description=\"&lt;p&gt;Prima tur\u0103 Oarc\u0103 o d\u0103 \u00eentre 5.30-7.30. E ora la care oamenii pleac\u0103 la munc\u0103 \u0219i \u00een drumul lor las\u0103 \u0219i gunoiul. \u00cen prima tur\u0103 Oarc\u0103 verific\u0103 tomberoanele. Sticlele le str\u00e2nge \u00eentr-un sac negru de plastic. Dup\u0103 ce \u00eel umple se \u00eentoarce \u00een curte la mama Felicia \u0219i \u00eel r\u0103stoarn\u0103 l\u00e2ng\u0103 gard. La centru se duce numai c\u00e2nd adun\u0103 cantitate serioas\u0103, m\u0103car de un pachet de \u021big\u0103ri.&lt;\/p&gt;\n\" data-medium-file=\"https:\/\/i0.wp.com\/ferentari.dela0.ro\/wp-content\/uploads\/2016\/08\/wsi-imageoptim-IMG_0505.jpg?fit=300%2C200&amp;ssl=1\" data-large-file=\"https:\/\/i0.wp.com\/ferentari.dela0.ro\/wp-content\/uploads\/2016\/08\/wsi-imageoptim-IMG_0505.jpg?fit=960%2C640&amp;ssl=1\" \/><\/a>\n\t\t\t<\/div>\n\t\t\t\t<figcaption class='wp-caption-text gallery-caption' id='gallery-1-582'>\n\t\t\t\tTurbinca neagr\u0103\n\t\t\t\t<\/figcaption><\/figure><figure class='gallery-item'>\n\t\t\t<div class='gallery-icon landscape'>\n\t\t\t\t<a href='https:\/\/ferentari.dela0.ro\/img_0524\/'><img loading=\"lazy\" decoding=\"async\" width=\"500\" height=\"500\" src=\"https:\/\/i0.wp.com\/ferentari.dela0.ro\/wp-content\/uploads\/2016\/08\/wsi-imageoptim-IMG_0524.jpg?resize=500%2C500&amp;ssl=1\" class=\"attachment-square500 size-square500\" alt=\"\" aria-describedby=\"gallery-1-584\" srcset=\"https:\/\/i0.wp.com\/ferentari.dela0.ro\/wp-content\/uploads\/2016\/08\/wsi-imageoptim-IMG_0524.jpg?resize=150%2C150&amp;ssl=1 150w, https:\/\/i0.wp.com\/ferentari.dela0.ro\/wp-content\/uploads\/2016\/08\/wsi-imageoptim-IMG_0524.jpg?resize=500%2C500&amp;ssl=1 500w, https:\/\/i0.wp.com\/ferentari.dela0.ro\/wp-content\/uploads\/2016\/08\/wsi-imageoptim-IMG_0524.jpg?resize=32%2C32&amp;ssl=1 32w, https:\/\/i0.wp.com\/ferentari.dela0.ro\/wp-content\/uploads\/2016\/08\/wsi-imageoptim-IMG_0524.jpg?resize=50%2C50&amp;ssl=1 50w, https:\/\/i0.wp.com\/ferentari.dela0.ro\/wp-content\/uploads\/2016\/08\/wsi-imageoptim-IMG_0524.jpg?resize=64%2C64&amp;ssl=1 64w, https:\/\/i0.wp.com\/ferentari.dela0.ro\/wp-content\/uploads\/2016\/08\/wsi-imageoptim-IMG_0524.jpg?resize=96%2C96&amp;ssl=1 96w, https:\/\/i0.wp.com\/ferentari.dela0.ro\/wp-content\/uploads\/2016\/08\/wsi-imageoptim-IMG_0524.jpg?resize=128%2C128&amp;ssl=1 128w, https:\/\/i0.wp.com\/ferentari.dela0.ro\/wp-content\/uploads\/2016\/08\/wsi-imageoptim-IMG_0524.jpg?resize=200%2C200&amp;ssl=1 200w, https:\/\/i0.wp.com\/ferentari.dela0.ro\/wp-content\/uploads\/2016\/08\/wsi-imageoptim-IMG_0524.jpg?resize=300%2C300&amp;ssl=1 300w, https:\/\/i0.wp.com\/ferentari.dela0.ro\/wp-content\/uploads\/2016\/08\/wsi-imageoptim-IMG_0524.jpg?zoom=2&amp;resize=500%2C500 1000w, https:\/\/i0.wp.com\/ferentari.dela0.ro\/wp-content\/uploads\/2016\/08\/wsi-imageoptim-IMG_0524.jpg?zoom=3&amp;resize=500%2C500 1500w\" sizes=\"auto, (max-width: 500px) 100vw, 500px\" data-attachment-id=\"584\" data-orig-file=\"https:\/\/i0.wp.com\/ferentari.dela0.ro\/wp-content\/uploads\/2016\/08\/wsi-imageoptim-IMG_0524.jpg?fit=2200%2C1467&amp;ssl=1\" data-orig-size=\"2200,1467\" data-comments-opened=\"1\" data-image-meta=\"{&quot;aperture&quot;:&quot;0&quot;,&quot;credit&quot;:&quot;&quot;,&quot;camera&quot;:&quot;&quot;,&quot;caption&quot;:&quot;&quot;,&quot;created_timestamp&quot;:&quot;0&quot;,&quot;copyright&quot;:&quot;&quot;,&quot;focal_length&quot;:&quot;0&quot;,&quot;iso&quot;:&quot;0&quot;,&quot;shutter_speed&quot;:&quot;0&quot;,&quot;title&quot;:&quot;&quot;,&quot;orientation&quot;:&quot;0&quot;,&quot;keywords&quot;:&quot;Array&quot;}\" data-image-title=\"Colegii lui Oarc\u0103\" data-image-description=\"&lt;p&gt;A doua tur\u0103 o d\u0103 pe la 9.30-10.00. E ora la care deja pe micile str\u0103du\u021be de pe Iacob Andrei se iese la f\u0103cut cur\u0103\u021benie. \u021aintele acum nu mai sunt neap\u0103rat tomberoanele, c\u00e2t zonele unde oamenii se \u00eent\u00e2lnesc s\u0103 bea seara \u2013 o banc\u0103, un nuc b\u0103tr\u00e2n. Tot acum ies la colectat \u0219i \u201eBulgaru\u201d \u0219i \u201ea lui Irinel\u201d (o femeie de 50 de ani). \u201eBulgaru\u201d str\u00e2nge \u0219i el PET-uri, \u201ea lui Irinel\u201d str\u00e2nge doar doze de aluminiu. Se primesc bani mai buni dec\u00e2t pe plastic. Cu \u201eBulgaru\u201d Oarc\u0103 mai \u00eemparte c\u00e2te un \u0219pri\u021b, cu \u201ea lui Irinel\u201d c\u00e2te o vorb\u0103.&lt;\/p&gt;\n\" data-medium-file=\"https:\/\/i0.wp.com\/ferentari.dela0.ro\/wp-content\/uploads\/2016\/08\/wsi-imageoptim-IMG_0524.jpg?fit=300%2C200&amp;ssl=1\" data-large-file=\"https:\/\/i0.wp.com\/ferentari.dela0.ro\/wp-content\/uploads\/2016\/08\/wsi-imageoptim-IMG_0524.jpg?fit=960%2C640&amp;ssl=1\" \/><\/a>\n\t\t\t<\/div>\n\t\t\t\t<figcaption class='wp-caption-text gallery-caption' id='gallery-1-584'>\n\t\t\t\tColegii lui Oarc\u0103\n\t\t\t\t<\/figcaption><\/figure><figure class='gallery-item'>\n\t\t\t<div class='gallery-icon landscape'>\n\t\t\t\t<a href='https:\/\/ferentari.dela0.ro\/img_0515\/'><img loading=\"lazy\" decoding=\"async\" width=\"500\" height=\"500\" src=\"https:\/\/i0.wp.com\/ferentari.dela0.ro\/wp-content\/uploads\/2016\/08\/wsi-imageoptim-IMG_0515.jpg?resize=500%2C500&amp;ssl=1\" class=\"attachment-square500 size-square500\" alt=\"\" aria-describedby=\"gallery-1-583\" srcset=\"https:\/\/i0.wp.com\/ferentari.dela0.ro\/wp-content\/uploads\/2016\/08\/wsi-imageoptim-IMG_0515.jpg?resize=150%2C150&amp;ssl=1 150w, https:\/\/i0.wp.com\/ferentari.dela0.ro\/wp-content\/uploads\/2016\/08\/wsi-imageoptim-IMG_0515.jpg?resize=500%2C500&amp;ssl=1 500w, https:\/\/i0.wp.com\/ferentari.dela0.ro\/wp-content\/uploads\/2016\/08\/wsi-imageoptim-IMG_0515.jpg?resize=32%2C32&amp;ssl=1 32w, https:\/\/i0.wp.com\/ferentari.dela0.ro\/wp-content\/uploads\/2016\/08\/wsi-imageoptim-IMG_0515.jpg?resize=50%2C50&amp;ssl=1 50w, https:\/\/i0.wp.com\/ferentari.dela0.ro\/wp-content\/uploads\/2016\/08\/wsi-imageoptim-IMG_0515.jpg?resize=64%2C64&amp;ssl=1 64w, https:\/\/i0.wp.com\/ferentari.dela0.ro\/wp-content\/uploads\/2016\/08\/wsi-imageoptim-IMG_0515.jpg?resize=96%2C96&amp;ssl=1 96w, https:\/\/i0.wp.com\/ferentari.dela0.ro\/wp-content\/uploads\/2016\/08\/wsi-imageoptim-IMG_0515.jpg?resize=128%2C128&amp;ssl=1 128w, https:\/\/i0.wp.com\/ferentari.dela0.ro\/wp-content\/uploads\/2016\/08\/wsi-imageoptim-IMG_0515.jpg?resize=200%2C200&amp;ssl=1 200w, https:\/\/i0.wp.com\/ferentari.dela0.ro\/wp-content\/uploads\/2016\/08\/wsi-imageoptim-IMG_0515.jpg?resize=300%2C300&amp;ssl=1 300w, https:\/\/i0.wp.com\/ferentari.dela0.ro\/wp-content\/uploads\/2016\/08\/wsi-imageoptim-IMG_0515.jpg?zoom=2&amp;resize=500%2C500 1000w, https:\/\/i0.wp.com\/ferentari.dela0.ro\/wp-content\/uploads\/2016\/08\/wsi-imageoptim-IMG_0515.jpg?zoom=3&amp;resize=500%2C500 1500w\" sizes=\"auto, (max-width: 500px) 100vw, 500px\" data-attachment-id=\"583\" data-orig-file=\"https:\/\/i0.wp.com\/ferentari.dela0.ro\/wp-content\/uploads\/2016\/08\/wsi-imageoptim-IMG_0515.jpg?fit=2200%2C1467&amp;ssl=1\" data-orig-size=\"2200,1467\" data-comments-opened=\"1\" data-image-meta=\"{&quot;aperture&quot;:&quot;0&quot;,&quot;credit&quot;:&quot;&quot;,&quot;camera&quot;:&quot;&quot;,&quot;caption&quot;:&quot;&quot;,&quot;created_timestamp&quot;:&quot;0&quot;,&quot;copyright&quot;:&quot;&quot;,&quot;focal_length&quot;:&quot;0&quot;,&quot;iso&quot;:&quot;0&quot;,&quot;shutter_speed&quot;:&quot;0&quot;,&quot;title&quot;:&quot;&quot;,&quot;orientation&quot;:&quot;0&quot;,&quot;keywords&quot;:&quot;Array&quot;}\" data-image-title=\"Un teritoriu cunoscut\" data-image-description=\"&lt;p&gt;Tura de dup\u0103-mas\u0103 e op\u021bional\u0103, \u00een func\u021bie de cum merg primele dou\u0103. Cea de sear\u0103 o face p\u00e2n\u0103 s\u0103 vin\u0103 \u00eentunericul pentru c\u0103 atunci e \u201cbagabon\u021beal\u0103\u201d \u0219i lui Oarc\u0103 nu prea \u00eei place. Lui \u00eei plac spa\u021biile ferite, str\u0103du\u021bele mici, oamenii pe care \u00eei \u0219tie \u0219i oamenii care \u00eel cunosc dup\u0103 figur\u0103 \u0219i sacul negru, chiar dac\u0103 nu \u0219i dup\u0103 nume. Lui Oarc\u0103 \u00eei plac oamenii cu care poate s\u0103 \u00eempart\u0103 o \u021bigar\u0103 atunci c\u00e2nd are \u0219i o penal\u0103 (o \u021bigar\u0103 f\u0103cut\u0103 din h\u00e2rtie de ziar \u0219i tutun recuperat din mai multe mucuri) atunci c\u00e2nd nu are.&lt;\/p&gt;\n\" data-medium-file=\"https:\/\/i0.wp.com\/ferentari.dela0.ro\/wp-content\/uploads\/2016\/08\/wsi-imageoptim-IMG_0515.jpg?fit=300%2C200&amp;ssl=1\" data-large-file=\"https:\/\/i0.wp.com\/ferentari.dela0.ro\/wp-content\/uploads\/2016\/08\/wsi-imageoptim-IMG_0515.jpg?fit=960%2C640&amp;ssl=1\" \/><\/a>\n\t\t\t<\/div>\n\t\t\t\t<figcaption class='wp-caption-text gallery-caption' id='gallery-1-583'>\n\t\t\t\tUn teritoriu cunoscut\n\t\t\t\t<\/figcaption><\/figure><figure class='gallery-item'>\n\t\t\t<div class='gallery-icon landscape'>\n\t\t\t\t<a href='https:\/\/ferentari.dela0.ro\/img_0573\/'><img loading=\"lazy\" decoding=\"async\" width=\"500\" height=\"500\" src=\"https:\/\/i0.wp.com\/ferentari.dela0.ro\/wp-content\/uploads\/2016\/08\/wsi-imageoptim-IMG_0573.jpg?resize=500%2C500&amp;ssl=1\" class=\"attachment-square500 size-square500\" alt=\"\" aria-describedby=\"gallery-1-591\" srcset=\"https:\/\/i0.wp.com\/ferentari.dela0.ro\/wp-content\/uploads\/2016\/08\/wsi-imageoptim-IMG_0573.jpg?resize=150%2C150&amp;ssl=1 150w, https:\/\/i0.wp.com\/ferentari.dela0.ro\/wp-content\/uploads\/2016\/08\/wsi-imageoptim-IMG_0573.jpg?resize=500%2C500&amp;ssl=1 500w, https:\/\/i0.wp.com\/ferentari.dela0.ro\/wp-content\/uploads\/2016\/08\/wsi-imageoptim-IMG_0573.jpg?resize=32%2C32&amp;ssl=1 32w, https:\/\/i0.wp.com\/ferentari.dela0.ro\/wp-content\/uploads\/2016\/08\/wsi-imageoptim-IMG_0573.jpg?resize=50%2C50&amp;ssl=1 50w, https:\/\/i0.wp.com\/ferentari.dela0.ro\/wp-content\/uploads\/2016\/08\/wsi-imageoptim-IMG_0573.jpg?resize=64%2C64&amp;ssl=1 64w, https:\/\/i0.wp.com\/ferentari.dela0.ro\/wp-content\/uploads\/2016\/08\/wsi-imageoptim-IMG_0573.jpg?resize=96%2C96&amp;ssl=1 96w, https:\/\/i0.wp.com\/ferentari.dela0.ro\/wp-content\/uploads\/2016\/08\/wsi-imageoptim-IMG_0573.jpg?resize=128%2C128&amp;ssl=1 128w, https:\/\/i0.wp.com\/ferentari.dela0.ro\/wp-content\/uploads\/2016\/08\/wsi-imageoptim-IMG_0573.jpg?resize=200%2C200&amp;ssl=1 200w, https:\/\/i0.wp.com\/ferentari.dela0.ro\/wp-content\/uploads\/2016\/08\/wsi-imageoptim-IMG_0573.jpg?resize=300%2C300&amp;ssl=1 300w, https:\/\/i0.wp.com\/ferentari.dela0.ro\/wp-content\/uploads\/2016\/08\/wsi-imageoptim-IMG_0573.jpg?zoom=2&amp;resize=500%2C500 1000w, https:\/\/i0.wp.com\/ferentari.dela0.ro\/wp-content\/uploads\/2016\/08\/wsi-imageoptim-IMG_0573.jpg?zoom=3&amp;resize=500%2C500 1500w\" sizes=\"auto, (max-width: 500px) 100vw, 500px\" data-attachment-id=\"591\" data-orig-file=\"https:\/\/i0.wp.com\/ferentari.dela0.ro\/wp-content\/uploads\/2016\/08\/wsi-imageoptim-IMG_0573.jpg?fit=2200%2C1467&amp;ssl=1\" data-orig-size=\"2200,1467\" data-comments-opened=\"1\" data-image-meta=\"{&quot;aperture&quot;:&quot;0&quot;,&quot;credit&quot;:&quot;&quot;,&quot;camera&quot;:&quot;&quot;,&quot;caption&quot;:&quot;&quot;,&quot;created_timestamp&quot;:&quot;0&quot;,&quot;copyright&quot;:&quot;&quot;,&quot;focal_length&quot;:&quot;0&quot;,&quot;iso&quot;:&quot;0&quot;,&quot;shutter_speed&quot;:&quot;0&quot;,&quot;title&quot;:&quot;&quot;,&quot;orientation&quot;:&quot;0&quot;,&quot;keywords&quot;:&quot;Array&quot;}\" data-image-title=\"Supravie\u021buitorii\" data-image-description=\"&lt;p&gt;Turele lui Oarc\u0103 nu sunt doar furnizoare de PET-uri, ci \u0219i de m\u00e2ncare. Odat\u0103 Oarc\u0103 a g\u0103sit la gunoi \u0219ase pui congela\u021bi. I-a adus mamei Felicia \u0219i ea i-a g\u0103tit pentru toat\u0103 jum\u0103tatea st\u00e2ng\u0103 de la bar\u0103ci. C\u00e2nd mai prime\u0219te bani de la oameni \u00een turele sale, Oarc\u0103 se \u00eentoarce \u0219i cu dulciuri pentru copii. Tot ce are \u00eemparte cu ei. Ei sunt casa \u0219i familia sa.&lt;\/p&gt;\n\" data-medium-file=\"https:\/\/i0.wp.com\/ferentari.dela0.ro\/wp-content\/uploads\/2016\/08\/wsi-imageoptim-IMG_0573.jpg?fit=300%2C200&amp;ssl=1\" data-large-file=\"https:\/\/i0.wp.com\/ferentari.dela0.ro\/wp-content\/uploads\/2016\/08\/wsi-imageoptim-IMG_0573.jpg?fit=960%2C640&amp;ssl=1\" \/><\/a>\n\t\t\t<\/div>\n\t\t\t\t<figcaption class='wp-caption-text gallery-caption' id='gallery-1-591'>\n\t\t\t\tSupravie\u021buitorii\n\t\t\t\t<\/figcaption><\/figure><figure class='gallery-item'>\n\t\t\t<div class='gallery-icon landscape'>\n\t\t\t\t<a href='https:\/\/ferentari.dela0.ro\/img_0497\/'><img loading=\"lazy\" decoding=\"async\" width=\"500\" height=\"500\" src=\"https:\/\/i0.wp.com\/ferentari.dela0.ro\/wp-content\/uploads\/2016\/08\/wsi-imageoptim-IMG_0497.jpg?resize=500%2C500&amp;ssl=1\" class=\"attachment-square500 size-square500\" alt=\"\" aria-describedby=\"gallery-1-580\" srcset=\"https:\/\/i0.wp.com\/ferentari.dela0.ro\/wp-content\/uploads\/2016\/08\/wsi-imageoptim-IMG_0497.jpg?resize=150%2C150&amp;ssl=1 150w, https:\/\/i0.wp.com\/ferentari.dela0.ro\/wp-content\/uploads\/2016\/08\/wsi-imageoptim-IMG_0497.jpg?resize=500%2C500&amp;ssl=1 500w, https:\/\/i0.wp.com\/ferentari.dela0.ro\/wp-content\/uploads\/2016\/08\/wsi-imageoptim-IMG_0497.jpg?resize=32%2C32&amp;ssl=1 32w, https:\/\/i0.wp.com\/ferentari.dela0.ro\/wp-content\/uploads\/2016\/08\/wsi-imageoptim-IMG_0497.jpg?resize=50%2C50&amp;ssl=1 50w, https:\/\/i0.wp.com\/ferentari.dela0.ro\/wp-content\/uploads\/2016\/08\/wsi-imageoptim-IMG_0497.jpg?resize=64%2C64&amp;ssl=1 64w, https:\/\/i0.wp.com\/ferentari.dela0.ro\/wp-content\/uploads\/2016\/08\/wsi-imageoptim-IMG_0497.jpg?resize=96%2C96&amp;ssl=1 96w, https:\/\/i0.wp.com\/ferentari.dela0.ro\/wp-content\/uploads\/2016\/08\/wsi-imageoptim-IMG_0497.jpg?resize=128%2C128&amp;ssl=1 128w, https:\/\/i0.wp.com\/ferentari.dela0.ro\/wp-content\/uploads\/2016\/08\/wsi-imageoptim-IMG_0497.jpg?resize=200%2C200&amp;ssl=1 200w, https:\/\/i0.wp.com\/ferentari.dela0.ro\/wp-content\/uploads\/2016\/08\/wsi-imageoptim-IMG_0497.jpg?resize=300%2C300&amp;ssl=1 300w, https:\/\/i0.wp.com\/ferentari.dela0.ro\/wp-content\/uploads\/2016\/08\/wsi-imageoptim-IMG_0497.jpg?zoom=2&amp;resize=500%2C500 1000w, https:\/\/i0.wp.com\/ferentari.dela0.ro\/wp-content\/uploads\/2016\/08\/wsi-imageoptim-IMG_0497.jpg?zoom=3&amp;resize=500%2C500 1500w\" sizes=\"auto, (max-width: 500px) 100vw, 500px\" data-attachment-id=\"580\" data-orig-file=\"https:\/\/i0.wp.com\/ferentari.dela0.ro\/wp-content\/uploads\/2016\/08\/wsi-imageoptim-IMG_0497.jpg?fit=2200%2C1467&amp;ssl=1\" data-orig-size=\"2200,1467\" data-comments-opened=\"1\" data-image-meta=\"{&quot;aperture&quot;:&quot;0&quot;,&quot;credit&quot;:&quot;&quot;,&quot;camera&quot;:&quot;&quot;,&quot;caption&quot;:&quot;&quot;,&quot;created_timestamp&quot;:&quot;0&quot;,&quot;copyright&quot;:&quot;&quot;,&quot;focal_length&quot;:&quot;0&quot;,&quot;iso&quot;:&quot;0&quot;,&quot;shutter_speed&quot;:&quot;0&quot;,&quot;title&quot;:&quot;&quot;,&quot;orientation&quot;:&quot;0&quot;,&quot;keywords&quot;:&quot;Array&quot;}\" data-image-title=\"Labirintul a patru genera\u021bii\" data-image-description=\"&lt;p&gt;Nou\u0103sprezece familii tr\u0103iesc \u00een august 2016 la bar\u0103cile de pe strada Iacob Andrei din cartierul Ferentari. Timp de 15-20 de ani bar\u0103cile au fost d\u0103r\u00e2mate, ridicate la loc, au luat foc, au fost evacuate, au murit copii acolo. \u0218i situa\u021bia tot nu \u0219i-a g\u0103sit rezolvare. La bar\u0103ci locuiesc acum patru genera\u021bii, dintre care dou\u0103 s-au n\u0103scut acolo. A patra genera\u021bie a venit pe lume la 1 iunie. E o feti\u021b\u0103.&lt;\/p&gt;\n\" data-medium-file=\"https:\/\/i0.wp.com\/ferentari.dela0.ro\/wp-content\/uploads\/2016\/08\/wsi-imageoptim-IMG_0497.jpg?fit=300%2C200&amp;ssl=1\" data-large-file=\"https:\/\/i0.wp.com\/ferentari.dela0.ro\/wp-content\/uploads\/2016\/08\/wsi-imageoptim-IMG_0497.jpg?fit=960%2C640&amp;ssl=1\" \/><\/a>\n\t\t\t<\/div>\n\t\t\t\t<figcaption class='wp-caption-text gallery-caption' id='gallery-1-580'>\n\t\t\t\tLabirintul a patru genera\u021bii\n\t\t\t\t<\/figcaption><\/figure><figure class='gallery-item'>\n\t\t\t<div class='gallery-icon landscape'>\n\t\t\t\t<a href='https:\/\/ferentari.dela0.ro\/img_0583\/'><img loading=\"lazy\" decoding=\"async\" width=\"500\" height=\"500\" src=\"https:\/\/i0.wp.com\/ferentari.dela0.ro\/wp-content\/uploads\/2016\/08\/wsi-imageoptim-IMG_0583.jpg?resize=500%2C500&amp;ssl=1\" class=\"attachment-square500 size-square500\" alt=\"\" aria-describedby=\"gallery-1-592\" srcset=\"https:\/\/i0.wp.com\/ferentari.dela0.ro\/wp-content\/uploads\/2016\/08\/wsi-imageoptim-IMG_0583.jpg?resize=150%2C150&amp;ssl=1 150w, https:\/\/i0.wp.com\/ferentari.dela0.ro\/wp-content\/uploads\/2016\/08\/wsi-imageoptim-IMG_0583.jpg?resize=500%2C500&amp;ssl=1 500w, https:\/\/i0.wp.com\/ferentari.dela0.ro\/wp-content\/uploads\/2016\/08\/wsi-imageoptim-IMG_0583.jpg?resize=32%2C32&amp;ssl=1 32w, https:\/\/i0.wp.com\/ferentari.dela0.ro\/wp-content\/uploads\/2016\/08\/wsi-imageoptim-IMG_0583.jpg?resize=50%2C50&amp;ssl=1 50w, https:\/\/i0.wp.com\/ferentari.dela0.ro\/wp-content\/uploads\/2016\/08\/wsi-imageoptim-IMG_0583.jpg?resize=64%2C64&amp;ssl=1 64w, https:\/\/i0.wp.com\/ferentari.dela0.ro\/wp-content\/uploads\/2016\/08\/wsi-imageoptim-IMG_0583.jpg?resize=96%2C96&amp;ssl=1 96w, https:\/\/i0.wp.com\/ferentari.dela0.ro\/wp-content\/uploads\/2016\/08\/wsi-imageoptim-IMG_0583.jpg?resize=128%2C128&amp;ssl=1 128w, https:\/\/i0.wp.com\/ferentari.dela0.ro\/wp-content\/uploads\/2016\/08\/wsi-imageoptim-IMG_0583.jpg?resize=200%2C200&amp;ssl=1 200w, https:\/\/i0.wp.com\/ferentari.dela0.ro\/wp-content\/uploads\/2016\/08\/wsi-imageoptim-IMG_0583.jpg?resize=300%2C300&amp;ssl=1 300w, https:\/\/i0.wp.com\/ferentari.dela0.ro\/wp-content\/uploads\/2016\/08\/wsi-imageoptim-IMG_0583.jpg?zoom=2&amp;resize=500%2C500 1000w, https:\/\/i0.wp.com\/ferentari.dela0.ro\/wp-content\/uploads\/2016\/08\/wsi-imageoptim-IMG_0583.jpg?zoom=3&amp;resize=500%2C500 1500w\" sizes=\"auto, (max-width: 500px) 100vw, 500px\" data-attachment-id=\"592\" data-orig-file=\"https:\/\/i0.wp.com\/ferentari.dela0.ro\/wp-content\/uploads\/2016\/08\/wsi-imageoptim-IMG_0583.jpg?fit=2200%2C1467&amp;ssl=1\" data-orig-size=\"2200,1467\" data-comments-opened=\"1\" data-image-meta=\"{&quot;aperture&quot;:&quot;0&quot;,&quot;credit&quot;:&quot;&quot;,&quot;camera&quot;:&quot;&quot;,&quot;caption&quot;:&quot;&quot;,&quot;created_timestamp&quot;:&quot;0&quot;,&quot;copyright&quot;:&quot;&quot;,&quot;focal_length&quot;:&quot;0&quot;,&quot;iso&quot;:&quot;0&quot;,&quot;shutter_speed&quot;:&quot;0&quot;,&quot;title&quot;:&quot;&quot;,&quot;orientation&quot;:&quot;0&quot;,&quot;keywords&quot;:&quot;Array&quot;}\" data-image-title=\"Statistic\u0103\" data-image-description=\"&lt;p&gt;\u00centr-unul din foarte pu\u021binele studii ale fenomenului de ghetoizare din Rom\u00e2nia, realizat la mijlocul anului 2013, erau identificate 23 de amplasamente urbane. Patru dintre ele sunt \u00een Bucure\u0219ti &#8211; toate \u00een sectorul 5, toate \u00een zona Ferentari-Rahova. Cumulat, num\u0103rul persoanelor aflate \u00een situa\u021bii severe de excluziune social\u0103 din aceste patru spa\u021bii ale Capitalei era estimat la peste 12.000. E un total mai mare decat \u00een toate celelalte ghetouri urbane rom\u00e2ne\u0219ti \u00eensumate.&lt;\/p&gt;\n\" data-medium-file=\"https:\/\/i0.wp.com\/ferentari.dela0.ro\/wp-content\/uploads\/2016\/08\/wsi-imageoptim-IMG_0583.jpg?fit=300%2C200&amp;ssl=1\" data-large-file=\"https:\/\/i0.wp.com\/ferentari.dela0.ro\/wp-content\/uploads\/2016\/08\/wsi-imageoptim-IMG_0583.jpg?fit=960%2C640&amp;ssl=1\" \/><\/a>\n\t\t\t<\/div>\n\t\t\t\t<figcaption class='wp-caption-text gallery-caption' id='gallery-1-592'>\n\t\t\t\tStatistic\u0103\n\t\t\t\t<\/figcaption><\/figure><figure class='gallery-item'>\n\t\t\t<div class='gallery-icon landscape'>\n\t\t\t\t<a href='https:\/\/ferentari.dela0.ro\/img_0531\/'><img loading=\"lazy\" decoding=\"async\" width=\"500\" height=\"500\" src=\"https:\/\/i0.wp.com\/ferentari.dela0.ro\/wp-content\/uploads\/2016\/08\/wsi-imageoptim-IMG_0531.jpg?resize=500%2C500&amp;ssl=1\" class=\"attachment-square500 size-square500\" alt=\"\" aria-describedby=\"gallery-1-585\" srcset=\"https:\/\/i0.wp.com\/ferentari.dela0.ro\/wp-content\/uploads\/2016\/08\/wsi-imageoptim-IMG_0531.jpg?resize=150%2C150&amp;ssl=1 150w, https:\/\/i0.wp.com\/ferentari.dela0.ro\/wp-content\/uploads\/2016\/08\/wsi-imageoptim-IMG_0531.jpg?resize=500%2C500&amp;ssl=1 500w, https:\/\/i0.wp.com\/ferentari.dela0.ro\/wp-content\/uploads\/2016\/08\/wsi-imageoptim-IMG_0531.jpg?resize=32%2C32&amp;ssl=1 32w, https:\/\/i0.wp.com\/ferentari.dela0.ro\/wp-content\/uploads\/2016\/08\/wsi-imageoptim-IMG_0531.jpg?resize=50%2C50&amp;ssl=1 50w, https:\/\/i0.wp.com\/ferentari.dela0.ro\/wp-content\/uploads\/2016\/08\/wsi-imageoptim-IMG_0531.jpg?resize=64%2C64&amp;ssl=1 64w, https:\/\/i0.wp.com\/ferentari.dela0.ro\/wp-content\/uploads\/2016\/08\/wsi-imageoptim-IMG_0531.jpg?resize=96%2C96&amp;ssl=1 96w, https:\/\/i0.wp.com\/ferentari.dela0.ro\/wp-content\/uploads\/2016\/08\/wsi-imageoptim-IMG_0531.jpg?resize=128%2C128&amp;ssl=1 128w, https:\/\/i0.wp.com\/ferentari.dela0.ro\/wp-content\/uploads\/2016\/08\/wsi-imageoptim-IMG_0531.jpg?resize=200%2C200&amp;ssl=1 200w, https:\/\/i0.wp.com\/ferentari.dela0.ro\/wp-content\/uploads\/2016\/08\/wsi-imageoptim-IMG_0531.jpg?resize=300%2C300&amp;ssl=1 300w, https:\/\/i0.wp.com\/ferentari.dela0.ro\/wp-content\/uploads\/2016\/08\/wsi-imageoptim-IMG_0531.jpg?zoom=2&amp;resize=500%2C500 1000w, https:\/\/i0.wp.com\/ferentari.dela0.ro\/wp-content\/uploads\/2016\/08\/wsi-imageoptim-IMG_0531.jpg?zoom=3&amp;resize=500%2C500 1500w\" sizes=\"auto, (max-width: 500px) 100vw, 500px\" data-attachment-id=\"585\" data-orig-file=\"https:\/\/i0.wp.com\/ferentari.dela0.ro\/wp-content\/uploads\/2016\/08\/wsi-imageoptim-IMG_0531.jpg?fit=2200%2C1467&amp;ssl=1\" data-orig-size=\"2200,1467\" data-comments-opened=\"1\" data-image-meta=\"{&quot;aperture&quot;:&quot;0&quot;,&quot;credit&quot;:&quot;&quot;,&quot;camera&quot;:&quot;&quot;,&quot;caption&quot;:&quot;&quot;,&quot;created_timestamp&quot;:&quot;0&quot;,&quot;copyright&quot;:&quot;&quot;,&quot;focal_length&quot;:&quot;0&quot;,&quot;iso&quot;:&quot;0&quot;,&quot;shutter_speed&quot;:&quot;0&quot;,&quot;title&quot;:&quot;&quot;,&quot;orientation&quot;:&quot;0&quot;,&quot;keywords&quot;:&quot;Array&quot;}\" data-image-title=\"Epilog la via\u021ba lui Oarc\u0103\" data-image-description=\"&lt;p&gt;\u201eAm dou\u0103 fete. De la cea mare am opt nepoate. At\u00e2tea avea c\u00e2nd am plecat eu de la ea. De la cea mic\u0103 am o pereche, un b\u0103iat \u0219i o fat\u0103. Pe la fete nu am mai fost de mult. Ele mai vorbesc cu sora mea acolo pe internet, sau cum \u00eei spune. Dac\u0103 p\u0103\u021besc ceva mama Felicia \u0219tie s\u0103 o sune pe sora mea. Are num\u0103rul ei, numai c\u0103 \u00een ultima vreme nu a mai r\u0103spuns. S\u00e2mb\u0103ta merg la cimitir la mama \u0219i la tata. E aici aproape. Mai cur\u0103\u021b morm\u00e2ntul. Nu m-a\u0219 duce altundeva. M-am \u00eenv\u0103\u021bat eu pe aici.\u201d&lt;\/p&gt;\n\" data-medium-file=\"https:\/\/i0.wp.com\/ferentari.dela0.ro\/wp-content\/uploads\/2016\/08\/wsi-imageoptim-IMG_0531.jpg?fit=300%2C200&amp;ssl=1\" data-large-file=\"https:\/\/i0.wp.com\/ferentari.dela0.ro\/wp-content\/uploads\/2016\/08\/wsi-imageoptim-IMG_0531.jpg?fit=960%2C640&amp;ssl=1\" \/><\/a>\n\t\t\t<\/div>\n\t\t\t\t<figcaption class='wp-caption-text gallery-caption' id='gallery-1-585'>\n\t\t\t\tEpilog la via\u021ba lui Oarc\u0103\n\t\t\t\t<\/figcaption><\/figure>\n\t\t<\/div>\n\n","protected":false},"excerpt":{"rendered":"<p>un fotoreportaj de Zora Iuga (imagine) \u0219i Diana Oncioiu (text)<\/p>\n","protected":false},"author":4,"featured_media":577,"comment_status":"open","ping_status":"open","sticky":false,"template":"","format":"standard","meta":{"jetpack_post_was_ever_published":false,"_jetpack_newsletter_access":"","_jetpack_dont_email_post_to_subs":true,"_jetpack_newsletter_tier_id":0,"_jetpack_memberships_contains_paywalled_content":false,"_jetpack_memberships_contains_paid_content":false,"footnotes":""},"categories":[7],"tags":[],"class_list":["post-597","post","type-post","status-publish","format-standard","has-post-thumbnail","hentry","category-fotoreportaje"],"jetpack_featured_media_url":"https:\/\/i0.wp.com\/ferentari.dela0.ro\/wp-content\/uploads\/2016\/08\/wsi-imageoptim-IMG_0492.jpg?fit=2200%2C1467&ssl=1","jetpack_shortlink":"https:\/\/wp.me\/p7Ov1r-9D","jetpack_sharing_enabled":true,"_links":{"self":[{"href":"https:\/\/ferentari.dela0.ro\/index.php\/wp-json\/wp\/v2\/posts\/597","targetHints":{"allow":["GET"]}}],"collection":[{"href":"https:\/\/ferentari.dela0.ro\/index.php\/wp-json\/wp\/v2\/posts"}],"about":[{"href":"https:\/\/ferentari.dela0.ro\/index.php\/wp-json\/wp\/v2\/types\/post"}],"author":[{"embeddable":true,"href":"https:\/\/ferentari.dela0.ro\/index.php\/wp-json\/wp\/v2\/users\/4"}],"replies":[{"embeddable":true,"href":"https:\/\/ferentari.dela0.ro\/index.php\/wp-json\/wp\/v2\/comments?post=597"}],"version-history":[{"count":26,"href":"https:\/\/ferentari.dela0.ro\/index.php\/wp-json\/wp\/v2\/posts\/597\/revisions"}],"predecessor-version":[{"id":602,"href":"https:\/\/ferentari.dela0.ro\/index.php\/wp-json\/wp\/v2\/posts\/597\/revisions\/602"}],"wp:featuredmedia":[{"embeddable":true,"href":"https:\/\/ferentari.dela0.ro\/index.php\/wp-json\/wp\/v2\/media\/577"}],"wp:attachment":[{"href":"https:\/\/ferentari.dela0.ro\/index.php\/wp-json\/wp\/v2\/media?parent=597"}],"wp:term":[{"taxonomy":"category","embeddable":true,"href":"https:\/\/ferentari.dela0.ro\/index.php\/wp-json\/wp\/v2\/categories?post=597"},{"taxonomy":"post_tag","embeddable":true,"href":"https:\/\/ferentari.dela0.ro\/index.php\/wp-json\/wp\/v2\/tags?post=597"}],"curies":[{"name":"wp","href":"https:\/\/api.w.org\/{rel}","templated":true}]}}